{"id":650,"date":"2018-12-20T13:43:24","date_gmt":"2018-12-20T12:43:24","guid":{"rendered":"http:\/\/www.vinspravi.es\/el-porron\/"},"modified":"2019-09-28T12:54:44","modified_gmt":"2019-09-28T10:54:44","slug":"le-porron","status":"publish","type":"post","link":"https:\/\/www.vinspravi.es\/fr\/le-porron\/","title":{"rendered":"Le porr\u00f3n"},"content":{"rendered":"<p>Un porr\u00f3n est un r\u00e9cipient en verre destin\u00e9 \u00e0 contenir et \u00e0 servir un liquide, normalement du vin. Il poss\u00e8de deux ouvertures en forme de bec : l\u2019une qui est importante et traditionnellement verticale mais l\u00e9g\u00e8rement courb\u00e9e, qui sert de manche et aussi \u00e0 le remplir, et l\u2019autre qui est inclin\u00e9e et conique par o\u00f9 est vers\u00e9 le contenu et qui se termine par un petit orifice con\u00e7u pour obtenir un jet fin et constant id\u00e9al pour boire \u00e0 la r\u00e9galade. Le gros bec est aussi utilis\u00e9 pour servir le vin dans un verre, pour vider le porr\u00f3n et pour le nettoyer.<br \/>\nEn raison de son originalit\u00e9, le porr\u00f3n est souvent consid\u00e9r\u00e9 comme un symbole traditionnel de la Catalogne. Les boutiques de souvenirs offrent des porrones \u00abtypiques \u00bb avec des bouchons en forme de barretina catalane (chapeau typique et traditionnel catalan). Le porr\u00f3n est habituellement pr\u00e9sent lors de repas collectifs populaires et festifs, comme par exemple les cal\u00e7otades, les cargolades, etc.<br \/>\nLe porr\u00f3n est au moins d\u2019origine m\u00e9di\u00e9vale. Auparavant, ils \u00e9taient fabriqu\u00e9s en terre cuite.<\/p>\n<p><a href=\"http:\/\/www.auques.cat\/auca.php?auca=porro\" target=\"_blank\" rel=\"noopener\">Auca del Porr\u00f3<\/a><br \/>\nSource et agrandissement: <a href=\"https:\/\/ca.wikipedia.org\/wiki\/Porr%C3%B3\" target=\"_blank\" rel=\"noopener\">Viquip\u00e8dia<\/a><\/p>\n","protected":false},"excerpt":{"rendered":"<p>Un porr\u00f3n est un r\u00e9cipient en verre destin\u00e9 \u00e0 contenir et \u00e0 servir un liquide, normalement du vin. Il poss\u00e8de deux ouvertures en forme de bec : l\u2019une qui est importante et traditionnellement verticale mais l\u00e9g\u00e8rement courb\u00e9e, qui sert de manche et aussi \u00e0 le&#8230;<\/p>\n","protected":false},"author":2,"featured_media":392,"comment_status":"open","ping_status":"open","sticky":false,"template":"","format":"standard","meta":{"footnotes":""},"categories":[61],"tags":[],"class_list":["post-650","post","type-post","status-publish","format-standard","has-post-thumbnail","hentry","category-general-fr"],"_links":{"self":[{"href":"https:\/\/www.vinspravi.es\/fr\/wp-json\/wp\/v2\/posts\/650","targetHints":{"allow":["GET"]}}],"collection":[{"href":"https:\/\/www.vinspravi.es\/fr\/wp-json\/wp\/v2\/posts"}],"about":[{"href":"https:\/\/www.vinspravi.es\/fr\/wp-json\/wp\/v2\/types\/post"}],"author":[{"embeddable":true,"href":"https:\/\/www.vinspravi.es\/fr\/wp-json\/wp\/v2\/users\/2"}],"replies":[{"embeddable":true,"href":"https:\/\/www.vinspravi.es\/fr\/wp-json\/wp\/v2\/comments?post=650"}],"version-history":[{"count":1,"href":"https:\/\/www.vinspravi.es\/fr\/wp-json\/wp\/v2\/posts\/650\/revisions"}],"predecessor-version":[{"id":651,"href":"https:\/\/www.vinspravi.es\/fr\/wp-json\/wp\/v2\/posts\/650\/revisions\/651"}],"wp:featuredmedia":[{"embeddable":true,"href":"https:\/\/www.vinspravi.es\/fr\/wp-json\/wp\/v2\/media\/392"}],"wp:attachment":[{"href":"https:\/\/www.vinspravi.es\/fr\/wp-json\/wp\/v2\/media?parent=650"}],"wp:term":[{"taxonomy":"category","embeddable":true,"href":"https:\/\/www.vinspravi.es\/fr\/wp-json\/wp\/v2\/categories?post=650"},{"taxonomy":"post_tag","embeddable":true,"href":"https:\/\/www.vinspravi.es\/fr\/wp-json\/wp\/v2\/tags?post=650"}],"curies":[{"name":"wp","href":"https:\/\/api.w.org\/{rel}","templated":true}]}}