{"id":138,"date":"2018-06-19T23:21:57","date_gmt":"2018-06-19T21:21:57","guid":{"rendered":"http:\/\/www.vinspravi.es\/lorem-ipsum-dolor-sit-amet\/"},"modified":"2019-10-03T08:52:58","modified_gmt":"2019-10-03T06:52:58","slug":"el-porro","status":"publish","type":"post","link":"https:\/\/www.vinspravi.es\/ca\/el-porro\/","title":{"rendered":"El Porr\u00f3"},"content":{"rendered":"<p>Un porr\u00f3 \u00e9s un recipient de vidre destinat a contenir i servir l\u00edquid, normalment vi<br \/>\nEs caracteritza per tenir dos brocs, un m\u00e9s gruixut tradicionalment vertical per\u00f2 lleugerament corbat, que serveix de m\u00e0nec i tamb\u00e9 per omplir-lo, i un altre d&#8217;inclinat i c\u00f2nic per on es fa rajar el contingut i que acaba en un petit orifici dissenyat per obtenir un doll prim i constant ideal per beure a galet. El broc gros tamb\u00e9 s&#8217;utilitza per servir en got, per a buidar el porr\u00f3 i per netejar-lo.<br \/>\nPer la seva originalitat, el porr\u00f3 sovint es considera com un s\u00edmbol tradicional de Catalunya. A les botigues de souvenirs es veuen porrons \u00abt\u00edpics\u00bb amb taps en forma de barretina. El porr\u00f3 \u00e9s habitual en menjars col\u00b7lectius populars i festius, com per exemple les cal\u00e7otades, cargolades, etc<br \/>\nEl porr\u00f3 \u00e9s almenys d&#8217;origen medieval. Abans es feien de terrissa.<br \/>\n<a href=\"http:\/\/www.auques.cat\/auca.php?auca=porro\" target=\"_blank\" rel=\"noopener noreferrer\">Auca del Porr\u00f3<\/a><br \/>\nFont i ampliaci\u00f3:. <a href=\"https:\/\/ca.wikipedia.org\/wiki\/Porr%C3%B3\" target=\"_blank\" rel=\"noopener noreferrer\">Viquip\u00e8dia<\/a><\/p>\n","protected":false},"excerpt":{"rendered":"<p>Un porr\u00f3 \u00e9s un recipient de vidre destinat a contenir i servir l\u00edquid, normalment vi Es caracteritza per tenir dos brocs, un m\u00e9s gruixut tradicionalment vertical per\u00f2 lleugerament corbat, que serveix de m\u00e0nec i tamb\u00e9 per omplir-lo, i un altre d&#8217;inclinat i c\u00f2nic per on&#8230;<\/p>\n","protected":false},"author":1,"featured_media":392,"comment_status":"open","ping_status":"open","sticky":false,"template":"","format":"standard","meta":{"footnotes":""},"categories":[63],"tags":[],"class_list":["post-138","post","type-post","status-publish","format-standard","has-post-thumbnail","hentry","category-general-ca"],"_links":{"self":[{"href":"https:\/\/www.vinspravi.es\/ca\/wp-json\/wp\/v2\/posts\/138","targetHints":{"allow":["GET"]}}],"collection":[{"href":"https:\/\/www.vinspravi.es\/ca\/wp-json\/wp\/v2\/posts"}],"about":[{"href":"https:\/\/www.vinspravi.es\/ca\/wp-json\/wp\/v2\/types\/post"}],"author":[{"embeddable":true,"href":"https:\/\/www.vinspravi.es\/ca\/wp-json\/wp\/v2\/users\/1"}],"replies":[{"embeddable":true,"href":"https:\/\/www.vinspravi.es\/ca\/wp-json\/wp\/v2\/comments?post=138"}],"version-history":[{"count":3,"href":"https:\/\/www.vinspravi.es\/ca\/wp-json\/wp\/v2\/posts\/138\/revisions"}],"predecessor-version":[{"id":1094,"href":"https:\/\/www.vinspravi.es\/ca\/wp-json\/wp\/v2\/posts\/138\/revisions\/1094"}],"wp:featuredmedia":[{"embeddable":true,"href":"https:\/\/www.vinspravi.es\/ca\/wp-json\/wp\/v2\/media\/392"}],"wp:attachment":[{"href":"https:\/\/www.vinspravi.es\/ca\/wp-json\/wp\/v2\/media?parent=138"}],"wp:term":[{"taxonomy":"category","embeddable":true,"href":"https:\/\/www.vinspravi.es\/ca\/wp-json\/wp\/v2\/categories?post=138"},{"taxonomy":"post_tag","embeddable":true,"href":"https:\/\/www.vinspravi.es\/ca\/wp-json\/wp\/v2\/tags?post=138"}],"curies":[{"name":"wp","href":"https:\/\/api.w.org\/{rel}","templated":true}]}}